{"id":3548,"date":"2004-03-23T18:35:22","date_gmt":"2004-03-23T16:35:22","guid":{"rendered":"http:\/\/www.swiatlo.tak.pl\/1\/?p=3548"},"modified":"2019-02-04T14:32:23","modified_gmt":"2019-02-04T12:32:23","slug":"oswietlenie-sali-lekcyjnej-przyklad","status":"publish","type":"post","link":"https:\/\/www.swiatlo.tak.pl\/1\/index.php\/oswietlenie-sali-lekcyjnej-przyklad\/","title":{"rendered":"O\u015bwietlenie sali lekcyjnej &#8211; przyk\u0142ad"},"content":{"rendered":"<p>W przypadku <a href=\"https:\/\/www.swiatlo.tak.pl\/1\/index.php\/oswietlenie-sali-lekcyjnej-wprowadzenie\/\">o\u015bwietlenia sali lekcyjnej<\/a> wa\u017cne jest, by \u015bwiat\u0142o i barwa nie tylko rozja\u015bnia\u0142y wn\u0119trze, ale r\u00f3wnie\u017c stwarza\u0142y klimat sprzyjaj\u0105cy rozwojowi umys\u0142owemu i emocjonalnemu m\u0142odego cz\u0142owieka.<br \/>\n<!--more--><\/p>\n<h2>Przyk\u0142adowe rozwi\u0105zanie o\u015bwietlenia og\u00f3lnego klas<\/h2>\n<p><img loading=\"lazy\" decoding=\"async\" src=\"https:\/\/www.swiatlo.tak.pl\/1\/wp-content\/uploads\/2017\/10\/budowlanka-w-pile1.jpg\" alt=\"sala lekcyjna\" width=\"279\" height=\"210\" border=\"0\" hspace=\"0\" vspace=\"0\" \/><\/p>\n<p>Najcz\u0119stszym spotykanym ustawieniem \u0142awek s\u0105 rz\u0119dy wzd\u0142u\u017c klasy. Celowe jest w\u00f3wczas zastosowanie odpowiedniego o\u015bwietlenia bezpo\u015bredniego. Dobre warunki o\u015bwietleniowe mo\u017cna uzyska\u0107 umieszczaj\u0105c oprawy bezpo\u015brednio na suficie w dw\u00f3ch ci\u0105gach tworz\u0105cych linie \u015bwietlne. Oprawy powinny wisie\u0107 nad przej\u015bciami mi\u0119dzy rz\u0119dami \u0142awek. Takie umiejscowienie opraw zmniejsza wp\u0142yw ol\u015bnie\u0144 po\u015brednich, powstaj\u0105cych w wyniku odbicia \u017ar\u00f3d\u0142a \u015bwiat\u0142a od b\u0142yszcz\u0105cych powierzchni, a pogarszaj\u0105cych warunki widzenia. Dodatkowo powinna by\u0107 przewidziana oprawa do\u015bwietlaj\u0105ca tablic\u0119. Mo\u017cna zastosowa\u0107 tu opraw\u0119 asymetryczn\u0105 TCS 098 1xTL-D58W I AS.<\/p>\n<p>Do o\u015bwietlenia klasy o wymiarach 6m x 9m x 3m wystarczy sze\u015b\u0107 opraw dwu\u015bwietl\u00f3wkowych, rastrowych, typu TCS 214 2xTL-D36W D L. Uzyskane w ten spos\u00f3b \u015brednie nat\u0119\u017cenie o\u015bwietlenia 380 lx posiada r\u00f3wnomierno\u015bci 0,66. Moc przypadaj\u0105ca na jeden metr kwadratowy, w przedstawionym przyk\u0142adzie, liczona bez oprawy asymetrycznej, wynosi 9,8W, a 11,1W z t\u0105 opraw\u0105. Oprawy wieszane s\u0105 bezpo\u015brednio na suficie. Zastosowano w nich \u015bwietl\u00f3wki Master TLD Super 80. S\u0105 to \u015bwietl\u00f3wki o dobrym oddawaniu kolor\u00f3w i zwi\u0119kszonej ilo\u015bci strumienia \u015bwietlnego. Rozk\u0142ad nat\u0119\u017cenia o\u015bwietlenia przedstawia za\u0142\u0105czony rysunek.<\/p>\n<p><img loading=\"lazy\" decoding=\"async\" src=\"https:\/\/www.swiatlo.tak.pl\/1\/wp-content\/uploads\/2017\/10\/rozklad-natezenia.gif\" alt=\"rozk\u0142ad nat\u0119\u017cenia \u015bwiat\u0142a\" width=\"164\" height=\"250\" \/><br \/>\n<em>Rysunek 1. Rozk\u0142ad nat\u0119\u017cenia o\u015bwietlenia E w [lx], w sali lekcyjnej dla prezentowanego przyk\u0142adu.<\/em><\/p>\n<p>W istniej\u0105cych instalacjach o\u015bwietleniowych, wykorzystuj\u0105cych standardowe \u015bwietl\u00f3wki 40W i oprawy o niskiej sprawno\u015bci o\u015bwietlenia w p\u00f3\u0142przestrzeni dolnej, wska\u017anik ilo\u015bci mocy na metr kwadratowy dla 300 lx kszta\u0142tuje si\u0119 w pobli\u017cu 20. W instalacjach wykorzystuj\u0105cych jako \u017ar\u00f3d\u0142a \u015bwiat\u0142a \u017car\u00f3wki, wska\u017anik ten przyjmuje warto\u015b\u0107 oko\u0142o 80.<\/p>\n<p>Przedstawiony przyk\u0142ad daje mo\u017cliwo\u015b\u0107 realizacji energooszcz\u0119dnego systemu o\u015bwietlenia klasy: raz ze wzgl\u0119du na zmniejszenie mocy zainstalowanej, dwa ze wzgl\u0119du na mniejsz\u0105 ilo\u015b\u0107 opraw potrzebnych do o\u015bwietlenia klasy.<\/p>\n<h2>Podsumowanie<\/h2>\n<p>Zagadnienie prawid\u0142owego o\u015bwietlenia w klasie nie jest rzecz\u0105 now\u0105. Pojawienie si\u0119 nowoczesnych opraw i \u017ar\u00f3de\u0142 \u015bwiat\u0142a umo\u017cliwia ponowne rozpatrzenie tego tematu. Zaprezentowany materia\u0142 mia\u0142 za zadanie nie tylko przedstawi\u0107, jak powinna wygl\u0105da\u0107 dobrze o\u015bwietlona klasa, ale tak\u017ce uczuli\u0107 wszystkich zwi\u0105zanych z tym tematem na problem o\u015bwietlenia i nada\u0107 mu odpowiedni\u0105 rang\u0119. Korzy\u015bci z modernizacji wynikaj\u0105 nie tylko z mniejszych op\u0142at za energi\u0119 elektryczn\u0105 i konserwacj\u0119, ale r\u00f3wnie\u017c z powsta\u0142ych dobrych warunk\u00f3w dla pracy wzrokowej. Dzia\u0142ania maj\u0105ce na celu popraw\u0119 komfortu nauki uczni\u00f3w i pracy nauczyciela nie powinny si\u0119 ogranicza\u0107 tylko do troski o o\u015bwietlenie. Opr\u00f3cz \u015bwiat\u0142a du\u017ce znaczenie zar\u00f3wno na prac\u0119 wzrokow\u0105, jak i og\u00f3lne samopoczucie ucznia i nauczyciela, ma odpowiednia kolorystyka sali. Wa\u017cne jest, by \u015bwiat\u0142o i barwa nie tylko rozja\u015bnia\u0142y wn\u0119trze, ale r\u00f3wnie\u017c stwarza\u0142y klimat sprzyjaj\u0105cy rozwojowi umys\u0142owemu i emocjonalnemu cz\u0142owieka.<\/p>\n<p><i>W przedstawionym przyk\u0142adzie symbole opraw i \u017ar\u00f3de\u0142 \u015bwiat\u0142a dotycz\u0105 sprz\u0119tu o\u015bwietleniowego w marce Philips.<\/i><\/p>\n<p><i>Przemys\u0142aw Oziemblewski<\/i><br \/>\n<i>marzec 2004<\/i><\/p>\n","protected":false},"excerpt":{"rendered":"<p>W przypadku o\u015bwietlenia sali lekcyjnej wa\u017cne jest, by \u015bwiat\u0142o i barwa nie tylko rozja\u015bnia\u0142y wn\u0119trze, ale r\u00f3wnie\u017c stwarza\u0142y klimat sprzyjaj\u0105cy rozwojowi umys\u0142owemu i emocjonalnemu m\u0142odego cz\u0142owieka.<\/p>\n","protected":false},"author":1,"featured_media":3549,"comment_status":"open","ping_status":"open","sticky":false,"template":"","format":"standard","meta":{"footnotes":""},"categories":[112,97],"tags":[59,486,78],"class_list":["post-3548","post","type-post","status-publish","format-standard","has-post-thumbnail","hentry","category-oswietlenie","category-oswietlenie-w-szkole","tag-oswietlenie-szkoly","tag-sala-lekcyjna","tag-szkola"],"yoast_head":"<!-- This site is optimized with the Yoast SEO plugin v27.3 - https:\/\/yoast.com\/product\/yoast-seo-wordpress\/ -->\n<title>O\u015bwietlenie sali lekcyjnej - przyk\u0142ad - \u015awiat\u0142o i o\u015bwietlenie<\/title>\n<meta name=\"description\" content=\"W przypadku o\u015bwietlenia sali lekcyjnej wa\u017cne jest, by \u015bwiat\u0142o i barwa nie tylko rozja\u015bnia\u0142y wn\u0119trze, ale r\u00f3wnie\u017c sprzyja\u0142y rozwojowi m\u0142odego cz\u0142owieka.\" \/>\n<meta name=\"robots\" content=\"index, follow, max-snippet:-1, max-image-preview:large, max-video-preview:-1\" \/>\n<link rel=\"canonical\" href=\"https:\/\/www.swiatlo.tak.pl\/1\/index.php\/oswietlenie-sali-lekcyjnej-przyklad\/\" \/>\n<meta property=\"og:locale\" content=\"pl_PL\" \/>\n<meta property=\"og:type\" content=\"article\" \/>\n<meta property=\"og:title\" content=\"O\u015bwietlenie sali lekcyjnej - przyk\u0142ad - \u015awiat\u0142o i o\u015bwietlenie\" \/>\n<meta property=\"og:description\" content=\"W przypadku o\u015bwietlenia sali lekcyjnej wa\u017cne jest, by \u015bwiat\u0142o i barwa nie tylko rozja\u015bnia\u0142y wn\u0119trze, ale r\u00f3wnie\u017c sprzyja\u0142y rozwojowi m\u0142odego cz\u0142owieka.\" \/>\n<meta property=\"og:url\" content=\"https:\/\/www.swiatlo.tak.pl\/1\/index.php\/oswietlenie-sali-lekcyjnej-przyklad\/\" \/>\n<meta property=\"og:site_name\" content=\"\u015awiat\u0142o i o\u015bwietlenie\" \/>\n<meta property=\"article:published_time\" content=\"2004-03-23T16:35:22+00:00\" \/>\n<meta property=\"article:modified_time\" content=\"2019-02-04T12:32:23+00:00\" \/>\n<meta property=\"og:image\" content=\"https:\/\/www.swiatlo.tak.pl\/1\/wp-content\/uploads\/2017\/10\/budowlanka-w-pile1.jpg\" \/>\n\t<meta property=\"og:image:width\" content=\"279\" \/>\n\t<meta property=\"og:image:height\" content=\"210\" \/>\n\t<meta property=\"og:image:type\" content=\"image\/jpeg\" \/>\n<meta name=\"author\" content=\"Redakcja\" \/>\n<meta name=\"twitter:label1\" content=\"Napisane przez\" \/>\n\t<meta name=\"twitter:data1\" content=\"Redakcja\" \/>\n\t<meta name=\"twitter:label2\" content=\"Szacowany czas czytania\" \/>\n\t<meta name=\"twitter:data2\" content=\"3 minuty\" \/>\n<script type=\"application\/ld+json\" class=\"yoast-schema-graph\">{\"@context\":\"https:\\\/\\\/schema.org\",\"@graph\":[{\"@type\":\"Article\",\"@id\":\"https:\\\/\\\/www.swiatlo.tak.pl\\\/1\\\/index.php\\\/oswietlenie-sali-lekcyjnej-przyklad\\\/#article\",\"isPartOf\":{\"@id\":\"https:\\\/\\\/www.swiatlo.tak.pl\\\/1\\\/index.php\\\/oswietlenie-sali-lekcyjnej-przyklad\\\/\"},\"author\":{\"name\":\"Redakcja\",\"@id\":\"https:\\\/\\\/www.swiatlo.tak.pl\\\/1\\\/#\\\/schema\\\/person\\\/4a0d837444afa1c8a7c1df3955680b8a\"},\"headline\":\"O\u015bwietlenie sali lekcyjnej &#8211; przyk\u0142ad\",\"datePublished\":\"2004-03-23T16:35:22+00:00\",\"dateModified\":\"2019-02-04T12:32:23+00:00\",\"mainEntityOfPage\":{\"@id\":\"https:\\\/\\\/www.swiatlo.tak.pl\\\/1\\\/index.php\\\/oswietlenie-sali-lekcyjnej-przyklad\\\/\"},\"wordCount\":562,\"commentCount\":0,\"image\":{\"@id\":\"https:\\\/\\\/www.swiatlo.tak.pl\\\/1\\\/index.php\\\/oswietlenie-sali-lekcyjnej-przyklad\\\/#primaryimage\"},\"thumbnailUrl\":\"https:\\\/\\\/www.swiatlo.tak.pl\\\/1\\\/wp-content\\\/uploads\\\/2017\\\/10\\\/budowlanka-w-pile1.jpg\",\"keywords\":[\"o\u015bwietlenie szko\u0142y\",\"sala lekcyjna\",\"szko\u0142a\"],\"articleSection\":[\"O\u015bwietlenie\",\"O\u015bwietlenie w szkole\"],\"inLanguage\":\"pl-PL\",\"potentialAction\":[{\"@type\":\"CommentAction\",\"name\":\"Comment\",\"target\":[\"https:\\\/\\\/www.swiatlo.tak.pl\\\/1\\\/index.php\\\/oswietlenie-sali-lekcyjnej-przyklad\\\/#respond\"]}]},{\"@type\":\"WebPage\",\"@id\":\"https:\\\/\\\/www.swiatlo.tak.pl\\\/1\\\/index.php\\\/oswietlenie-sali-lekcyjnej-przyklad\\\/\",\"url\":\"https:\\\/\\\/www.swiatlo.tak.pl\\\/1\\\/index.php\\\/oswietlenie-sali-lekcyjnej-przyklad\\\/\",\"name\":\"O\u015bwietlenie sali lekcyjnej - przyk\u0142ad - \u015awiat\u0142o i o\u015bwietlenie\",\"isPartOf\":{\"@id\":\"https:\\\/\\\/www.swiatlo.tak.pl\\\/1\\\/#website\"},\"primaryImageOfPage\":{\"@id\":\"https:\\\/\\\/www.swiatlo.tak.pl\\\/1\\\/index.php\\\/oswietlenie-sali-lekcyjnej-przyklad\\\/#primaryimage\"},\"image\":{\"@id\":\"https:\\\/\\\/www.swiatlo.tak.pl\\\/1\\\/index.php\\\/oswietlenie-sali-lekcyjnej-przyklad\\\/#primaryimage\"},\"thumbnailUrl\":\"https:\\\/\\\/www.swiatlo.tak.pl\\\/1\\\/wp-content\\\/uploads\\\/2017\\\/10\\\/budowlanka-w-pile1.jpg\",\"datePublished\":\"2004-03-23T16:35:22+00:00\",\"dateModified\":\"2019-02-04T12:32:23+00:00\",\"author\":{\"@id\":\"https:\\\/\\\/www.swiatlo.tak.pl\\\/1\\\/#\\\/schema\\\/person\\\/4a0d837444afa1c8a7c1df3955680b8a\"},\"description\":\"W przypadku o\u015bwietlenia sali lekcyjnej wa\u017cne jest, by \u015bwiat\u0142o i barwa nie tylko rozja\u015bnia\u0142y wn\u0119trze, ale r\u00f3wnie\u017c sprzyja\u0142y rozwojowi m\u0142odego cz\u0142owieka.\",\"breadcrumb\":{\"@id\":\"https:\\\/\\\/www.swiatlo.tak.pl\\\/1\\\/index.php\\\/oswietlenie-sali-lekcyjnej-przyklad\\\/#breadcrumb\"},\"inLanguage\":\"pl-PL\",\"potentialAction\":[{\"@type\":\"ReadAction\",\"target\":[\"https:\\\/\\\/www.swiatlo.tak.pl\\\/1\\\/index.php\\\/oswietlenie-sali-lekcyjnej-przyklad\\\/\"]}]},{\"@type\":\"ImageObject\",\"inLanguage\":\"pl-PL\",\"@id\":\"https:\\\/\\\/www.swiatlo.tak.pl\\\/1\\\/index.php\\\/oswietlenie-sali-lekcyjnej-przyklad\\\/#primaryimage\",\"url\":\"https:\\\/\\\/www.swiatlo.tak.pl\\\/1\\\/wp-content\\\/uploads\\\/2017\\\/10\\\/budowlanka-w-pile1.jpg\",\"contentUrl\":\"https:\\\/\\\/www.swiatlo.tak.pl\\\/1\\\/wp-content\\\/uploads\\\/2017\\\/10\\\/budowlanka-w-pile1.jpg\",\"width\":279,\"height\":210,\"caption\":\"sala lekcyjna\"},{\"@type\":\"BreadcrumbList\",\"@id\":\"https:\\\/\\\/www.swiatlo.tak.pl\\\/1\\\/index.php\\\/oswietlenie-sali-lekcyjnej-przyklad\\\/#breadcrumb\",\"itemListElement\":[{\"@type\":\"ListItem\",\"position\":1,\"name\":\"Home\",\"item\":\"https:\\\/\\\/www.swiatlo.tak.pl\\\/1\\\/\"},{\"@type\":\"ListItem\",\"position\":2,\"name\":\"O\u015bwietlenie sali lekcyjnej &#8211; przyk\u0142ad\"}]},{\"@type\":\"WebSite\",\"@id\":\"https:\\\/\\\/www.swiatlo.tak.pl\\\/1\\\/#website\",\"url\":\"https:\\\/\\\/www.swiatlo.tak.pl\\\/1\\\/\",\"name\":\"\u015awiat\u0142o i o\u015bwietlenie\",\"description\":\"&quot;Niechaj si\u0119 stanie \u015bwiat\u0142o\u015b\u0107!&quot; - (Rdz 1,3 BT)\",\"potentialAction\":[{\"@type\":\"SearchAction\",\"target\":{\"@type\":\"EntryPoint\",\"urlTemplate\":\"https:\\\/\\\/www.swiatlo.tak.pl\\\/1\\\/?s={search_term_string}\"},\"query-input\":{\"@type\":\"PropertyValueSpecification\",\"valueRequired\":true,\"valueName\":\"search_term_string\"}}],\"inLanguage\":\"pl-PL\"},{\"@type\":\"Person\",\"@id\":\"https:\\\/\\\/www.swiatlo.tak.pl\\\/1\\\/#\\\/schema\\\/person\\\/4a0d837444afa1c8a7c1df3955680b8a\",\"name\":\"Redakcja\",\"image\":{\"@type\":\"ImageObject\",\"inLanguage\":\"pl-PL\",\"@id\":\"https:\\\/\\\/secure.gravatar.com\\\/avatar\\\/d2666d7097bdbe3d092a24039b8b90efef0c23744c855595822dc4e32f0afd6a?s=96&d=identicon&r=g\",\"url\":\"https:\\\/\\\/secure.gravatar.com\\\/avatar\\\/d2666d7097bdbe3d092a24039b8b90efef0c23744c855595822dc4e32f0afd6a?s=96&d=identicon&r=g\",\"contentUrl\":\"https:\\\/\\\/secure.gravatar.com\\\/avatar\\\/d2666d7097bdbe3d092a24039b8b90efef0c23744c855595822dc4e32f0afd6a?s=96&d=identicon&r=g\",\"caption\":\"Redakcja\"},\"url\":\"https:\\\/\\\/www.swiatlo.tak.pl\\\/1\\\/index.php\\\/author\\\/adminpo\\\/\"}]}<\/script>\n<!-- \/ Yoast SEO plugin. -->","yoast_head_json":{"title":"O\u015bwietlenie sali lekcyjnej - przyk\u0142ad - \u015awiat\u0142o i o\u015bwietlenie","description":"W przypadku o\u015bwietlenia sali lekcyjnej wa\u017cne jest, by \u015bwiat\u0142o i barwa nie tylko rozja\u015bnia\u0142y wn\u0119trze, ale r\u00f3wnie\u017c sprzyja\u0142y rozwojowi m\u0142odego cz\u0142owieka.","robots":{"index":"index","follow":"follow","max-snippet":"max-snippet:-1","max-image-preview":"max-image-preview:large","max-video-preview":"max-video-preview:-1"},"canonical":"https:\/\/www.swiatlo.tak.pl\/1\/index.php\/oswietlenie-sali-lekcyjnej-przyklad\/","og_locale":"pl_PL","og_type":"article","og_title":"O\u015bwietlenie sali lekcyjnej - przyk\u0142ad - \u015awiat\u0142o i o\u015bwietlenie","og_description":"W przypadku o\u015bwietlenia sali lekcyjnej wa\u017cne jest, by \u015bwiat\u0142o i barwa nie tylko rozja\u015bnia\u0142y wn\u0119trze, ale r\u00f3wnie\u017c sprzyja\u0142y rozwojowi m\u0142odego cz\u0142owieka.","og_url":"https:\/\/www.swiatlo.tak.pl\/1\/index.php\/oswietlenie-sali-lekcyjnej-przyklad\/","og_site_name":"\u015awiat\u0142o i o\u015bwietlenie","article_published_time":"2004-03-23T16:35:22+00:00","article_modified_time":"2019-02-04T12:32:23+00:00","og_image":[{"width":279,"height":210,"url":"https:\/\/www.swiatlo.tak.pl\/1\/wp-content\/uploads\/2017\/10\/budowlanka-w-pile1.jpg","type":"image\/jpeg"}],"author":"Redakcja","twitter_misc":{"Napisane przez":"Redakcja","Szacowany czas czytania":"3 minuty"},"schema":{"@context":"https:\/\/schema.org","@graph":[{"@type":"Article","@id":"https:\/\/www.swiatlo.tak.pl\/1\/index.php\/oswietlenie-sali-lekcyjnej-przyklad\/#article","isPartOf":{"@id":"https:\/\/www.swiatlo.tak.pl\/1\/index.php\/oswietlenie-sali-lekcyjnej-przyklad\/"},"author":{"name":"Redakcja","@id":"https:\/\/www.swiatlo.tak.pl\/1\/#\/schema\/person\/4a0d837444afa1c8a7c1df3955680b8a"},"headline":"O\u015bwietlenie sali lekcyjnej &#8211; przyk\u0142ad","datePublished":"2004-03-23T16:35:22+00:00","dateModified":"2019-02-04T12:32:23+00:00","mainEntityOfPage":{"@id":"https:\/\/www.swiatlo.tak.pl\/1\/index.php\/oswietlenie-sali-lekcyjnej-przyklad\/"},"wordCount":562,"commentCount":0,"image":{"@id":"https:\/\/www.swiatlo.tak.pl\/1\/index.php\/oswietlenie-sali-lekcyjnej-przyklad\/#primaryimage"},"thumbnailUrl":"https:\/\/www.swiatlo.tak.pl\/1\/wp-content\/uploads\/2017\/10\/budowlanka-w-pile1.jpg","keywords":["o\u015bwietlenie szko\u0142y","sala lekcyjna","szko\u0142a"],"articleSection":["O\u015bwietlenie","O\u015bwietlenie w szkole"],"inLanguage":"pl-PL","potentialAction":[{"@type":"CommentAction","name":"Comment","target":["https:\/\/www.swiatlo.tak.pl\/1\/index.php\/oswietlenie-sali-lekcyjnej-przyklad\/#respond"]}]},{"@type":"WebPage","@id":"https:\/\/www.swiatlo.tak.pl\/1\/index.php\/oswietlenie-sali-lekcyjnej-przyklad\/","url":"https:\/\/www.swiatlo.tak.pl\/1\/index.php\/oswietlenie-sali-lekcyjnej-przyklad\/","name":"O\u015bwietlenie sali lekcyjnej - przyk\u0142ad - \u015awiat\u0142o i o\u015bwietlenie","isPartOf":{"@id":"https:\/\/www.swiatlo.tak.pl\/1\/#website"},"primaryImageOfPage":{"@id":"https:\/\/www.swiatlo.tak.pl\/1\/index.php\/oswietlenie-sali-lekcyjnej-przyklad\/#primaryimage"},"image":{"@id":"https:\/\/www.swiatlo.tak.pl\/1\/index.php\/oswietlenie-sali-lekcyjnej-przyklad\/#primaryimage"},"thumbnailUrl":"https:\/\/www.swiatlo.tak.pl\/1\/wp-content\/uploads\/2017\/10\/budowlanka-w-pile1.jpg","datePublished":"2004-03-23T16:35:22+00:00","dateModified":"2019-02-04T12:32:23+00:00","author":{"@id":"https:\/\/www.swiatlo.tak.pl\/1\/#\/schema\/person\/4a0d837444afa1c8a7c1df3955680b8a"},"description":"W przypadku o\u015bwietlenia sali lekcyjnej wa\u017cne jest, by \u015bwiat\u0142o i barwa nie tylko rozja\u015bnia\u0142y wn\u0119trze, ale r\u00f3wnie\u017c sprzyja\u0142y rozwojowi m\u0142odego cz\u0142owieka.","breadcrumb":{"@id":"https:\/\/www.swiatlo.tak.pl\/1\/index.php\/oswietlenie-sali-lekcyjnej-przyklad\/#breadcrumb"},"inLanguage":"pl-PL","potentialAction":[{"@type":"ReadAction","target":["https:\/\/www.swiatlo.tak.pl\/1\/index.php\/oswietlenie-sali-lekcyjnej-przyklad\/"]}]},{"@type":"ImageObject","inLanguage":"pl-PL","@id":"https:\/\/www.swiatlo.tak.pl\/1\/index.php\/oswietlenie-sali-lekcyjnej-przyklad\/#primaryimage","url":"https:\/\/www.swiatlo.tak.pl\/1\/wp-content\/uploads\/2017\/10\/budowlanka-w-pile1.jpg","contentUrl":"https:\/\/www.swiatlo.tak.pl\/1\/wp-content\/uploads\/2017\/10\/budowlanka-w-pile1.jpg","width":279,"height":210,"caption":"sala lekcyjna"},{"@type":"BreadcrumbList","@id":"https:\/\/www.swiatlo.tak.pl\/1\/index.php\/oswietlenie-sali-lekcyjnej-przyklad\/#breadcrumb","itemListElement":[{"@type":"ListItem","position":1,"name":"Home","item":"https:\/\/www.swiatlo.tak.pl\/1\/"},{"@type":"ListItem","position":2,"name":"O\u015bwietlenie sali lekcyjnej &#8211; przyk\u0142ad"}]},{"@type":"WebSite","@id":"https:\/\/www.swiatlo.tak.pl\/1\/#website","url":"https:\/\/www.swiatlo.tak.pl\/1\/","name":"\u015awiat\u0142o i o\u015bwietlenie","description":"&quot;Niechaj si\u0119 stanie \u015bwiat\u0142o\u015b\u0107!&quot; - (Rdz 1,3 BT)","potentialAction":[{"@type":"SearchAction","target":{"@type":"EntryPoint","urlTemplate":"https:\/\/www.swiatlo.tak.pl\/1\/?s={search_term_string}"},"query-input":{"@type":"PropertyValueSpecification","valueRequired":true,"valueName":"search_term_string"}}],"inLanguage":"pl-PL"},{"@type":"Person","@id":"https:\/\/www.swiatlo.tak.pl\/1\/#\/schema\/person\/4a0d837444afa1c8a7c1df3955680b8a","name":"Redakcja","image":{"@type":"ImageObject","inLanguage":"pl-PL","@id":"https:\/\/secure.gravatar.com\/avatar\/d2666d7097bdbe3d092a24039b8b90efef0c23744c855595822dc4e32f0afd6a?s=96&d=identicon&r=g","url":"https:\/\/secure.gravatar.com\/avatar\/d2666d7097bdbe3d092a24039b8b90efef0c23744c855595822dc4e32f0afd6a?s=96&d=identicon&r=g","contentUrl":"https:\/\/secure.gravatar.com\/avatar\/d2666d7097bdbe3d092a24039b8b90efef0c23744c855595822dc4e32f0afd6a?s=96&d=identicon&r=g","caption":"Redakcja"},"url":"https:\/\/www.swiatlo.tak.pl\/1\/index.php\/author\/adminpo\/"}]}},"_links":{"self":[{"href":"https:\/\/www.swiatlo.tak.pl\/1\/index.php\/wp-json\/wp\/v2\/posts\/3548","targetHints":{"allow":["GET"]}}],"collection":[{"href":"https:\/\/www.swiatlo.tak.pl\/1\/index.php\/wp-json\/wp\/v2\/posts"}],"about":[{"href":"https:\/\/www.swiatlo.tak.pl\/1\/index.php\/wp-json\/wp\/v2\/types\/post"}],"author":[{"embeddable":true,"href":"https:\/\/www.swiatlo.tak.pl\/1\/index.php\/wp-json\/wp\/v2\/users\/1"}],"replies":[{"embeddable":true,"href":"https:\/\/www.swiatlo.tak.pl\/1\/index.php\/wp-json\/wp\/v2\/comments?post=3548"}],"version-history":[{"count":3,"href":"https:\/\/www.swiatlo.tak.pl\/1\/index.php\/wp-json\/wp\/v2\/posts\/3548\/revisions"}],"predecessor-version":[{"id":4117,"href":"https:\/\/www.swiatlo.tak.pl\/1\/index.php\/wp-json\/wp\/v2\/posts\/3548\/revisions\/4117"}],"wp:featuredmedia":[{"embeddable":true,"href":"https:\/\/www.swiatlo.tak.pl\/1\/index.php\/wp-json\/wp\/v2\/media\/3549"}],"wp:attachment":[{"href":"https:\/\/www.swiatlo.tak.pl\/1\/index.php\/wp-json\/wp\/v2\/media?parent=3548"}],"wp:term":[{"taxonomy":"category","embeddable":true,"href":"https:\/\/www.swiatlo.tak.pl\/1\/index.php\/wp-json\/wp\/v2\/categories?post=3548"},{"taxonomy":"post_tag","embeddable":true,"href":"https:\/\/www.swiatlo.tak.pl\/1\/index.php\/wp-json\/wp\/v2\/tags?post=3548"}],"curies":[{"name":"wp","href":"https:\/\/api.w.org\/{rel}","templated":true}]}}